{"id":99891,"date":"2025-02-06T15:38:17","date_gmt":"2025-02-06T15:38:17","guid":{"rendered":"https:\/\/tvbrazilusa.com\/2025\/02\/06\/os-jags-contratam-um-novo-coordenador-ofensivo-da-vikings-jacksonville-hoje\/"},"modified":"2025-02-06T16:01:12","modified_gmt":"2025-02-06T16:01:12","slug":"os-jags-contratam-um-novo-coordenador-ofensivo-da-vikings-jacksonville-hoje","status":"publish","type":"post","link":"https:\/\/tvbrazilusa.com\/pt\/2025\/02\/06\/os-jags-contratam-um-novo-coordenador-ofensivo-da-vikings-jacksonville-hoje\/","title":{"rendered":"Os Jags contratam um novo coordenador ofensivo da Vikings | Jacksonville hoje"},"content":{"rendered":"<p> <script async src=\"https:\/\/pagead2.googlesyndication.com\/pagead\/js\/adsbygoogle.js?client=ca-pub-8864793242727901\"\r\n     crossorigin=\"anonymous\"><\/script><br \/>\n<\/p>\n<div>\n<p>Os Jaguars Jacksonville continuam a preencher o treinador principal <a href=\"https:\/\/www.news4jax.com\/topic\/Liam_Coen\" rel=\"nofollow noopener\" target=\"_blank\">Liam Coen<\/a>A equipe do an\u00fancio desta manh\u00e3 de que Grant Udinski ser\u00e1 o novo coordenador ofensivo da equipe.<\/p>\n<p>Udinski chega a Jacksonville, do Minnesota Vikings, onde atuou como coordenador ofensivo assistente\/treinador de quarterbacks assistente.<\/p>\n<p>&#8220;Grant trar\u00e1 uma riqueza de conhecimentos, energia e uma mentalidade vencedora para ajudar a liderar nossa ofensa aqui em Jacksonville&#8221;, disse Coen em comunicado \u00e0 imprensa. &#8220;Ele \u00e9 uma estrela em ascens\u00e3o nesta liga que tem sido um pilar de sucesso para a organiza\u00e7\u00e3o dos Vikings, e mal podemos esperar para que ele lidere nossa ofensa&#8221;.<\/p>\n<p>A pr\u00f3xima temporada ser\u00e1 o sexto treinamento de Udinksi na NFL e o primeiro como coordenador ofensivo. Ele passou tr\u00eas temporadas com os vikings.<\/p>\n<p>Durante a temporada de 2024, o ataque dos Vikings terminou entre os 10 primeiros em v\u00e1rias categorias, incluindo o sexto em jardas passantes por jogo (237,8), quinto em jardas por tentativa (7,99) e nono em pontos por jogo (25,4). Minnesota foi 9-1 em jogos de uma posse em 2024, o segundo melhor Mark League em toda a liga.<\/p>\n<p>Udinski entrou no ranking de treinamento da NFL com os Panteras depois de passar a temporada de 2019 na Baylor University como assistente de p\u00f3s -gradua\u00e7\u00e3o.<\/p>\n<p>Antes de se tornar treinador, Udinski jogou na defensiva em Towson de 2016-18. Ele jogou em todos os 12 jogos em 2018, terminando a temporada com 28 tackles, 4,5 sacos e tr\u00eas fumbles for\u00e7ados.<\/p>\n<p>Nascido em Doylestown, Pensilv\u00e2nia, Udinski, jogou uma temporada no Davidson College como um final apertado antes de se transferir para Towson em 2016.<\/p>\n<p>Os Jaguars t\u00eam sido r\u00e1pidos em contratar coisas de frente e treinar desde a chegada de Coen. Ex -jogador Tony Boselli <a href=\"https:\/\/jaxtoday.org\/2025\/02\/03\/tony-boselli-hired-as-jaguars-executive-vice-president\/\">foi nomeado vice -presidente executivo<\/a> de opera\u00e7\u00f5es de futebol na semana passada. Anthony Campanile, <a href=\"https:\/\/www.jaguars.com\/news\/k000156-jaguars-hire-anthony-campanile-as-defensive-coordinator\" rel=\"nofollow noopener\" target=\"_blank\">um veterano de treinamento de 19 anos<\/a>foi nomeado o novo coordenador defensivo do Jaguars no final de janeiro.  <\/p>\n<\/div>\n<p><br \/>\n<br \/><a href=\"https:\/\/jaxtoday.org\/2025\/02\/06\/jags-hire-new-offensive-coordinator-from-vikings\/\">Source link <\/a><\/p>","protected":false},"excerpt":{"rendered":"<p>Os Jaguars Jacksonville continuam a preencher o treinador principal Liam CoenA equipe do an\u00fancio desta manh\u00e3 de que Grant Udinski ser\u00e1 o novo coordenador ofensivo da equipe. Udinski chega a&hellip;<\/p>","protected":false},"author":1,"featured_media":99892,"comment_status":"closed","ping_status":"open","sticky":false,"template":"","format":"standard","meta":{"content-type":"","footnotes":""},"categories":[1],"tags":[],"class_list":["post-99891","post","type-post","status-publish","format-standard","has-post-thumbnail","hentry","category-uncategorized"],"_links":{"self":[{"href":"https:\/\/tvbrazilusa.com\/pt\/wp-json\/wp\/v2\/posts\/99891","targetHints":{"allow":["GET"]}}],"collection":[{"href":"https:\/\/tvbrazilusa.com\/pt\/wp-json\/wp\/v2\/posts"}],"about":[{"href":"https:\/\/tvbrazilusa.com\/pt\/wp-json\/wp\/v2\/types\/post"}],"author":[{"embeddable":true,"href":"https:\/\/tvbrazilusa.com\/pt\/wp-json\/wp\/v2\/users\/1"}],"replies":[{"embeddable":true,"href":"https:\/\/tvbrazilusa.com\/pt\/wp-json\/wp\/v2\/comments?post=99891"}],"version-history":[{"count":1,"href":"https:\/\/tvbrazilusa.com\/pt\/wp-json\/wp\/v2\/posts\/99891\/revisions"}],"predecessor-version":[{"id":99893,"href":"https:\/\/tvbrazilusa.com\/pt\/wp-json\/wp\/v2\/posts\/99891\/revisions\/99893"}],"wp:featuredmedia":[{"embeddable":true,"href":"https:\/\/tvbrazilusa.com\/pt\/wp-json\/wp\/v2\/media\/99892"}],"wp:attachment":[{"href":"https:\/\/tvbrazilusa.com\/pt\/wp-json\/wp\/v2\/media?parent=99891"}],"wp:term":[{"taxonomy":"category","embeddable":true,"href":"https:\/\/tvbrazilusa.com\/pt\/wp-json\/wp\/v2\/categories?post=99891"},{"taxonomy":"post_tag","embeddable":true,"href":"https:\/\/tvbrazilusa.com\/pt\/wp-json\/wp\/v2\/tags?post=99891"}],"curies":[{"name":"wp","href":"https:\/\/api.w.org\/{rel}","templated":true}]}}