{"id":99918,"date":"2025-02-06T17:18:20","date_gmt":"2025-02-06T17:18:20","guid":{"rendered":"https:\/\/tvbrazilusa.com\/2025\/02\/06\/jovem-sem-filho-e-preso-por-nao-pagar-pensao-alimenticia-entenda\/"},"modified":"2025-02-06T17:18:21","modified_gmt":"2025-02-06T17:18:21","slug":"jovem-sem-filho-e-preso-por-nao-pagar-pensao-alimenticia-entenda","status":"publish","type":"post","link":"https:\/\/tvbrazilusa.com\/pt\/2025\/02\/06\/jovem-sem-filho-e-preso-por-nao-pagar-pensao-alimenticia-entenda\/","title":{"rendered":"Jovem sem filho \u00e9 preso por n\u00e3o pagar pens\u00e3o aliment\u00edcia; ENTENDA"},"content":{"rendered":"<p> <script async src=\"https:\/\/pagead2.googlesyndication.com\/pagead\/js\/adsbygoogle.js?client=ca-pub-8864793242727901\"\r\n     crossorigin=\"anonymous\"><\/script><br \/>\n<\/p>\n<div id=\"taboola-read-more\" style=\"display:block; width:100%\">\n<p>O Conselho Nacional de Justi\u00e7a (CNJ) vai apurar suposto erro judicial no caso de um jovem de 19 anos que nunca teve filhos, mas foi preso por n\u00e3o pagar pens\u00e3o aliment\u00edcia. A pris\u00e3o aconteceu no Distrito Federal e o jovem ficou mais de 24 horas encarcerado, mesmo dizendo que nada devia.\n<\/p>\n<p>O mandado de pris\u00e3o contra o rapaz foi emitido pela justi\u00e7a de Igarap\u00e9, cidade de Minas Gerais, em 2017, quando ele tinha apenas 12 anos. O processo judicial teve origem na cidade de S\u00e3o Paulo.<\/p>\n<p>Conforme a Defensoria P\u00fablica do Distrito Federal, depois de ser cumprido o mandado de pris\u00e3o, o jovem foi levado para uma cela reservada a devedores de pens\u00e3o aliment\u00edcia, no Complexo da Pol\u00edcia Civil, na regi\u00e3o do Sudoeste, em Bras\u00edlia. Os apelos de inoc\u00eancia do rapaz s\u00f3 foram levados em conta quando ele foi apresentado ao juiz, em audi\u00eancia de cust\u00f3dia.\n<\/p>\n<p>De acordo com o defensor p\u00fablico Alexandre Fernandes Silva, coordenador das audi\u00eancias de cust\u00f3dia do DF, o caso chamou a aten\u00e7\u00e3o pela cronologia dos fatos. Quando o mandado de pris\u00e3o por falta de pagamento de pens\u00e3o aliment\u00edcia foi expedido, o rapaz era praticamente uma crian\u00e7a. A equipe da Defensoria apurou que o processo de S\u00e3o Paulo n\u00e3o mencionava o nome do jovem e, em Minas Gerais, n\u00e3o havia qualquer a\u00e7\u00e3o judicial contra ele.\n<\/p>\n<p>Diante da d\u00favida, Silva acionou a Defensoria P\u00fablica de S\u00e3o Paulo e obteve acesso \u00e0 \u00edntegra do processo. Ao analisar os autos, foi constatado que o preso n\u00e3o tinha rela\u00e7\u00e3o com o d\u00e9bito da pens\u00e3o aliment\u00edcia. Na audi\u00eancia de cust\u00f3dia, o juiz de Bras\u00edlia entrou em contato com a justi\u00e7a mineira e foi confirmado que o mandado havia sido expedido de forma equivocada. O magistrado determinou a soltura do jovem e notificou o CNJ para apura\u00e7\u00e3o do ocorrido.\n<\/p>\n<p>Em nota, o CNJ diz que o caso est\u00e1 sendo acompanhado pela Corregedoria.\n<\/p>\n<p>\u2013 O CNJ reconhece a gravidade do ocorrido e ressalta a import\u00e2ncia da audi\u00eancia de cust\u00f3dia, implementada em todo o Brasil pelo pr\u00f3prio CNJ, na repara\u00e7\u00e3o imediata do erro \u2013 diz a nota.\n<\/p>\n<p>O Conselho acrescenta que, devido a recorrentes inconsist\u00eancias na inser\u00e7\u00e3o de informa\u00e7\u00f5es pelos tribunais no Banco Nacional de Mandados de Pris\u00e3o (BNMP), o CNJ estuda medidas para aperfei\u00e7oar os procedimentos executados pelos tribunais.\n<\/p>\n<p>O BNMP \u00e9 o sistema que permite que qualquer juiz do pa\u00eds registre ordens de pris\u00e3o. No caso da pris\u00e3o por atraso ou n\u00e3o pagamento de pens\u00e3o aliment\u00edcia, a obrigatoriedade da audi\u00eancia de cust\u00f3dia foi consolidada em 2023, por decis\u00e3o do Supremo Tribunal Federal de que todas as modalidades de pris\u00e3o devem passar pela audi\u00eancia de cust\u00f3dia. Al\u00e9m disso, a Resolu\u00e7\u00e3o 562 do CNJ estabeleceu expressamente a necessidade de apresenta\u00e7\u00e3o de presos por d\u00edvida de alimentos a um juiz no prazo legal.\n<\/p>\n<p>*AE\n<\/p>\n<p>Fonte: Pleno News              <\/p>\n<\/div>\n<p><br \/>\n<br \/><a href=\"https:\/\/diariodobrasilnoticias.com.br\/noticia\/jovem-sem-filho-e-preso-por-nao-pagar-pensao-alimenticia-entenda-67a4c1cc14c77\">Source link <\/a><\/p>","protected":false},"excerpt":{"rendered":"<p>O Conselho Nacional de Justi\u00e7a (CNJ) vai apurar suposto erro judicial no caso de um jovem de 19 anos que nunca teve filhos, mas foi preso por n\u00e3o pagar pens\u00e3o&hellip;<\/p>","protected":false},"author":1,"featured_media":99919,"comment_status":"closed","ping_status":"open","sticky":false,"template":"","format":"standard","meta":{"content-type":"","footnotes":""},"categories":[16],"tags":[123,2448,5313,1267],"class_list":["post-99918","post","type-post","status-publish","format-standard","has-post-thumbnail","hentry","category-noticias","tag-brasil","tag-diario","tag-noticia","tag-noticias"],"_links":{"self":[{"href":"https:\/\/tvbrazilusa.com\/pt\/wp-json\/wp\/v2\/posts\/99918","targetHints":{"allow":["GET"]}}],"collection":[{"href":"https:\/\/tvbrazilusa.com\/pt\/wp-json\/wp\/v2\/posts"}],"about":[{"href":"https:\/\/tvbrazilusa.com\/pt\/wp-json\/wp\/v2\/types\/post"}],"author":[{"embeddable":true,"href":"https:\/\/tvbrazilusa.com\/pt\/wp-json\/wp\/v2\/users\/1"}],"replies":[{"embeddable":true,"href":"https:\/\/tvbrazilusa.com\/pt\/wp-json\/wp\/v2\/comments?post=99918"}],"version-history":[{"count":1,"href":"https:\/\/tvbrazilusa.com\/pt\/wp-json\/wp\/v2\/posts\/99918\/revisions"}],"predecessor-version":[{"id":99920,"href":"https:\/\/tvbrazilusa.com\/pt\/wp-json\/wp\/v2\/posts\/99918\/revisions\/99920"}],"wp:featuredmedia":[{"embeddable":true,"href":"https:\/\/tvbrazilusa.com\/pt\/wp-json\/wp\/v2\/media\/99919"}],"wp:attachment":[{"href":"https:\/\/tvbrazilusa.com\/pt\/wp-json\/wp\/v2\/media?parent=99918"}],"wp:term":[{"taxonomy":"category","embeddable":true,"href":"https:\/\/tvbrazilusa.com\/pt\/wp-json\/wp\/v2\/categories?post=99918"},{"taxonomy":"post_tag","embeddable":true,"href":"https:\/\/tvbrazilusa.com\/pt\/wp-json\/wp\/v2\/tags?post=99918"}],"curies":[{"name":"wp","href":"https:\/\/api.w.org\/{rel}","templated":true}]}}