{"id":99921,"date":"2025-02-06T17:29:28","date_gmt":"2025-02-06T17:29:28","guid":{"rendered":"https:\/\/tvbrazilusa.com\/2025\/02\/06\/nova-regra-da-lei-da-cadeirinha-entra-em-vigor-em-2025-confira-as-mudancas-para-evitar-multas\/"},"modified":"2025-02-06T17:29:29","modified_gmt":"2025-02-06T17:29:29","slug":"nova-regra-da-lei-da-cadeirinha-entra-em-vigor-em-2025-confira-as-mudancas-para-evitar-multas","status":"publish","type":"post","link":"https:\/\/tvbrazilusa.com\/pt\/2025\/02\/06\/nova-regra-da-lei-da-cadeirinha-entra-em-vigor-em-2025-confira-as-mudancas-para-evitar-multas\/","title":{"rendered":"Nova regra da Lei da Cadeirinha entra em vigor em 2025: confira as mudan\u00e7as para evitar multas"},"content":{"rendered":"<p> <script async src=\"https:\/\/pagead2.googlesyndication.com\/pagead\/js\/adsbygoogle.js?client=ca-pub-8864793242727901\"\r\n     crossorigin=\"anonymous\"><\/script><br \/>\n<\/p>\n<div id=\"taboola-read-more\" style=\"display:block; width:100%\">\n<p class=\"bullet mt-0\" dir=\"ltr\" data-v-232111b4=\"data-v-232111b4\">Criada\u00a0pela Resolu\u00e7\u00e3o n\u00ba 277 do Contran e pela Lei n\u00ba 14.071\/2021, a Lei da Cadeirinha recebeu algumas altera\u00e7\u00f5es para 2025. Criada com o principal intuito garantir a seguran\u00e7a de crian\u00e7as transportadas dentro de ve\u00edculos, ela agora passa a ter regras mais claras e espec\u00edficas, especialmente em rela\u00e7\u00e3o \u00e0 altura das crian\u00e7as e ao uso do banco traseiro.\n<\/p>\n<p class=\"bullet\" dir=\"ltr\" data-v-232111b4=\"data-v-232111b4\"><span class=\"topicText\">Agora, a regra estabelece que crian\u00e7as de at\u00e9 10 anos e 1,45 metro de altura devem sempre viajar no banco de tr\u00e1s, salvo em ve\u00edculos sem bancos traseiros\u00a0\u2014 neste caso, o\u00a0<em>airbag\u00a0<\/em>do passageiro dever\u00e1 ser desabilitado. E tamb\u00e9m, define o tipo de dispositivo de seguran\u00e7a que deve ser usado de acordo com a faixa et\u00e1ria:<\/span><\/p>\n<ol class=\"bullet\" data-v-232111b4=\"data-v-232111b4\">\n<li><strong>Menores de 1 ano:<\/strong>\u00a0beb\u00ea-conforto<\/li>\n<li><strong>De 1 a 4 anos:\u00a0<\/strong>cadeirinha<\/li>\n<li><strong>De 4 a 10 anos e at\u00e9 1,45m de altura:<\/strong>\u00a0assento de eleva\u00e7\u00e3o ou cinto de seguran\u00e7a no banco traseiro<\/li>\n<\/ol>\n<p>Ao optar por definir uma altura m\u00e1xima para o uso desses dispositivos, a Lei da Cadeirinha atualizada se tornou mais clara do que a anterior. Nela, o peso da crian\u00e7a era um fator determinante. J\u00e1 crian\u00e7as com mais de dez anos e altura superior a 1,45 m podem viajar no banco da frente dos carros, desde que usando cinto de seguran\u00e7a.\n<\/p>\n<p>No caso de descumprimento das normas, a infra\u00e7\u00e3o \u00e9 considerada grav\u00edssima, rendendo 7 pontos da CNH e multa de R$ 293,47. Esse valor pode chegar a R$ 880,41 caso a pessoa que conduz o carro possua um hist\u00f3rico de infra\u00e7\u00f5es ou reincid\u00eancias.\n<\/p>\n<p>Import\u00e2ncia da cadeirinha<br \/>Popularmente conhecida por &#8220;cadeirinha&#8221;, os dispositivos de seguran\u00e7a para o transporte de crian\u00e7as s\u00e3o essenciais para reduzir o impacto em colis\u00f5es, protegendo a crian\u00e7a de les\u00f5es graves ou fatais. Em caso de batida ou frenagem brusca, o dispositivo de reten\u00e7\u00e3o segura a crian\u00e7a, evitando que ela seja projetada para frente ou para os lados.\n<\/p>\n<p>Um dos principais benef\u00edcios desses dispositivos \u00e9 a prote\u00e7\u00e3o para a cabe\u00e7a, o pesco\u00e7o e a coluna vertebral da crian\u00e7a, que s\u00e3o \u00e1reas especialmente vulner\u00e1veis em caso de impacto. Ela distribui a for\u00e7a do choque de maneira mais uniforme, minimizando danos. De acordo a Organiza\u00e7\u00e3o Mundial da Sa\u00fade (OMS), o uso correto da cadeirinha pode reduzir o risco de morte de crian\u00e7as decorrentes de acidentes de tr\u00e2nsito em at\u00e9 71%.\n<\/p>\n<p>H\u00e1 tr\u00eas tipos b\u00e1sicos de &#8220;cadeirinha&#8221;:\n<\/p>\n<p>1 &#8211; Beb\u00ea conforto: trata-se de um dispositivo que lembra um cesto e deve instalado de costas para o movimento do carro, pois essa posi\u00e7\u00e3o protege melhor a cabe\u00e7a, o pesco\u00e7o e a coluna vertebral do beb\u00ea em caso de colis\u00e3o. Ele possui cintos de seguran\u00e7a internos e uma base que pode ser fixada ao ve\u00edculo<br \/>2 &#8211; Cadeirinha: essa j\u00e1 se assemelha mais a uma cadeira e deve ser instalada de frente para o movimento do carro. Possui cintos de seguran\u00e7a internos de cinco pontos, que distribuem a for\u00e7a do impacto em caso de acidente e seu formato ajuda a proteger a crian\u00e7a em colis\u00f5es frontais, laterais e traseiras<br \/>3 &#8211; Assento de eleva\u00e7\u00e3o: como o pr\u00f3prio nome diz, esse dispositivo faz com que a crian\u00e7a tenha seu corpo elevado, permitindo que o cinto de seguran\u00e7a do pr\u00f3prio carro fique na posi\u00e7\u00e3o correta, passando pelo ombro e o quadril. Ele serve para crian\u00e7as que j\u00e1 ultrapassaram o limite de peso ou altura da cadeirinha, mas ainda n\u00e3o t\u00eam 1,45 m de altura &#8211; a m\u00ednima para se usar o cinto de seguran\u00e7a sem qualquer dispositivo adicional.\n<\/p>\n<p>Fonte: UOL              <\/p>\n<\/div>\n<p><br \/>\n<br \/><a href=\"https:\/\/diariodobrasilnoticias.com.br\/noticia\/nova-regra-da-lei-da-cadeirinha-entra-em-vigor-em-2025-confira-as-mudancas-para-evitar-multas-67a4e80ae1517\">Source link <\/a><\/p>","protected":false},"excerpt":{"rendered":"<p>Criada\u00a0pela Resolu\u00e7\u00e3o n\u00ba 277 do Contran e pela Lei n\u00ba 14.071\/2021, a Lei da Cadeirinha recebeu algumas altera\u00e7\u00f5es para 2025. Criada com o principal intuito garantir a seguran\u00e7a de crian\u00e7as&hellip;<\/p>","protected":false},"author":1,"featured_media":99922,"comment_status":"closed","ping_status":"open","sticky":false,"template":"","format":"standard","meta":{"content-type":"","footnotes":""},"categories":[16],"tags":[123,2448,5313,1267],"class_list":["post-99921","post","type-post","status-publish","format-standard","has-post-thumbnail","hentry","category-noticias","tag-brasil","tag-diario","tag-noticia","tag-noticias"],"_links":{"self":[{"href":"https:\/\/tvbrazilusa.com\/pt\/wp-json\/wp\/v2\/posts\/99921","targetHints":{"allow":["GET"]}}],"collection":[{"href":"https:\/\/tvbrazilusa.com\/pt\/wp-json\/wp\/v2\/posts"}],"about":[{"href":"https:\/\/tvbrazilusa.com\/pt\/wp-json\/wp\/v2\/types\/post"}],"author":[{"embeddable":true,"href":"https:\/\/tvbrazilusa.com\/pt\/wp-json\/wp\/v2\/users\/1"}],"replies":[{"embeddable":true,"href":"https:\/\/tvbrazilusa.com\/pt\/wp-json\/wp\/v2\/comments?post=99921"}],"version-history":[{"count":1,"href":"https:\/\/tvbrazilusa.com\/pt\/wp-json\/wp\/v2\/posts\/99921\/revisions"}],"predecessor-version":[{"id":99923,"href":"https:\/\/tvbrazilusa.com\/pt\/wp-json\/wp\/v2\/posts\/99921\/revisions\/99923"}],"wp:featuredmedia":[{"embeddable":true,"href":"https:\/\/tvbrazilusa.com\/pt\/wp-json\/wp\/v2\/media\/99922"}],"wp:attachment":[{"href":"https:\/\/tvbrazilusa.com\/pt\/wp-json\/wp\/v2\/media?parent=99921"}],"wp:term":[{"taxonomy":"category","embeddable":true,"href":"https:\/\/tvbrazilusa.com\/pt\/wp-json\/wp\/v2\/categories?post=99921"},{"taxonomy":"post_tag","embeddable":true,"href":"https:\/\/tvbrazilusa.com\/pt\/wp-json\/wp\/v2\/tags?post=99921"}],"curies":[{"name":"wp","href":"https:\/\/api.w.org\/{rel}","templated":true}]}}