{"id":99930,"date":"2025-02-06T17:59:36","date_gmt":"2025-02-06T17:59:36","guid":{"rendered":"https:\/\/tvbrazilusa.com\/2025\/02\/06\/agora-uniao-brasil-e-pp-fusao-avanca-e-pode-desafiar-governo-lula\/"},"modified":"2025-02-06T17:59:38","modified_gmt":"2025-02-06T17:59:38","slug":"agora-uniao-brasil-e-pp-fusao-avanca-e-pode-desafiar-governo-lula","status":"publish","type":"post","link":"https:\/\/tvbrazilusa.com\/pt\/2025\/02\/06\/agora-uniao-brasil-e-pp-fusao-avanca-e-pode-desafiar-governo-lula\/","title":{"rendered":"AGORA: Uni\u00e3o Brasil e PP: Fus\u00e3o Avan\u00e7a e Pode Desafiar Governo Lula"},"content":{"rendered":"<p> <script async src=\"https:\/\/pagead2.googlesyndication.com\/pagead\/js\/adsbygoogle.js?client=ca-pub-8864793242727901\"\r\n     crossorigin=\"anonymous\"><\/script><br \/>\n<\/p>\n<div>\n<figure class=\"post-image\">\n<\/figure>\n<p>            <span style=\"font-size: 12px\">Foto: senado federal<\/span><\/p>\n<p>            <!-- end metas --><br \/>\n            <!-- ADS --><\/p>\n<div id=\"taboola-read-more\" style=\"display:block; width:100%\">\n<p>A conversa sobre a poss\u00edvel fus\u00e3o entre o Uni\u00e3o Brasil e o PP est\u00e1 bem adiantada, com rumores indicando que o acordo est\u00e1 pr\u00f3ximo de ser formalizado. Se concretizada, essa fus\u00e3o poderia criar uma das maiores bancadas no Congresso Nacional, potencialmente alterando a din\u00e2mica pol\u00edtica no Brasil. Fontes pr\u00f3ximas \u00e0s negocia\u00e7\u00f5es indicam que o senador Ciro Nogueira, atual presidente do PP, assumiria a lideran\u00e7a da nova sigla, refor\u00e7ando seu poder pol\u00edtico.\n<\/p>\n<p>A fus\u00e3o n\u00e3o \u00e9 vista com bons olhos pelo governo de Luiz In\u00e1cio Lula da Silva, pois poderia diminuir a influ\u00eancia do PT e de seus aliados no Legislativo. Arthur Lira, presidente da C\u00e2mara dos Deputados e uma figura chave no PP, teria um papel de destaque na nova forma\u00e7\u00e3o partid\u00e1ria, o que poderia lev\u00e1-lo a desistir de ocupar um minist\u00e9rio no governo Lula. Esse movimento fortaleceria a oposi\u00e7\u00e3o ou, no m\u00ednimo, aumentaria a autonomia de Lira, que j\u00e1 demonstrou ser um pol\u00edtico pragm\u00e1tico capaz de navegar entre diferentes alian\u00e7as.<\/p>\n<p>As implica\u00e7\u00f5es dessa fus\u00e3o para o governo Lula s\u00e3o significativas, j\u00e1 que a nova bancada poderia dificultar a aprova\u00e7\u00e3o de projetos cruciais para a agenda do presidente. Com Ciro Nogueira \u00e0 frente e Lira como uma figura central, o novo partido teria uma for\u00e7a consider\u00e1vel para ditar o ritmo legislativo, possivelmente exigindo mais concess\u00f5es do governo em troca de apoio ou simplesmente opondo-se a medidas propostas pelo Pal\u00e1cio do Planalto. A situa\u00e7\u00e3o \u00e9 observada de perto por analistas pol\u00edticos, que veem nesta fus\u00e3o um potencial para reconfigurar o cen\u00e1rio pol\u00edtico brasileiro em 2025.              <\/p>\n<\/div>\n<p>                        <!-- Scripts para conteudo --><\/p>\n<p>            <!-- .\/Scripts para conteudo --><br \/>\n            <!-- .\/Mat\u00e9ria --><\/p>\n<div class=\"row mt-3\">\n<div class=\"col-sm-6\">\n                <!-- Whatsapp channel 3--><br \/>\n                <a href=\"https:\/\/chat.whatsapp.com\/B8Qy6Erx4kb6yTzj3kaDco\" target=\"_blank\"><br \/>\n                  <img decoding=\"async\" src=\"https:\/\/diariodobrasilnoticias.com.br\/assets-site\/images\/bot_whatsapp.png\"\/><\/a>\n              <\/div>\n<div class=\"col-sm-6\">\n                <a href=\"https:\/\/t.me\/+_4gTmi5LKo03OTM5\" target=\"_blank\"><br \/>\n                  <img decoding=\"async\" src=\"https:\/\/diariodobrasilnoticias.com.br\/assets-site\/images\/bot_telegram.png\"\/><\/a>\n              <\/div>\n<\/p><\/div>\n<p>            <!-- end post-navigation --><\/p>\n<p>              <!-- end row --><\/p>\n<p>              <!-- end col-12-->\n                      <\/div>\n<p><br \/>\n<br \/><a href=\"https:\/\/diariodobrasilnoticias.com.br\/noticia\/agora-uniao-brasil-e-pp-fusao-avanca-e-pode-desafiar-governo-lula-67a4d0af90f99\">Source link <\/a><\/p>","protected":false},"excerpt":{"rendered":"<p>Foto: senado federal A conversa sobre a poss\u00edvel fus\u00e3o entre o Uni\u00e3o Brasil e o PP est\u00e1 bem adiantada, com rumores indicando que o acordo est\u00e1 pr\u00f3ximo de ser formalizado.&hellip;<\/p>","protected":false},"author":1,"featured_media":99931,"comment_status":"closed","ping_status":"open","sticky":false,"template":"","format":"standard","meta":{"content-type":"","footnotes":""},"categories":[16],"tags":[123,2448,5313,1267],"class_list":["post-99930","post","type-post","status-publish","format-standard","has-post-thumbnail","hentry","category-noticias","tag-brasil","tag-diario","tag-noticia","tag-noticias"],"_links":{"self":[{"href":"https:\/\/tvbrazilusa.com\/pt\/wp-json\/wp\/v2\/posts\/99930","targetHints":{"allow":["GET"]}}],"collection":[{"href":"https:\/\/tvbrazilusa.com\/pt\/wp-json\/wp\/v2\/posts"}],"about":[{"href":"https:\/\/tvbrazilusa.com\/pt\/wp-json\/wp\/v2\/types\/post"}],"author":[{"embeddable":true,"href":"https:\/\/tvbrazilusa.com\/pt\/wp-json\/wp\/v2\/users\/1"}],"replies":[{"embeddable":true,"href":"https:\/\/tvbrazilusa.com\/pt\/wp-json\/wp\/v2\/comments?post=99930"}],"version-history":[{"count":1,"href":"https:\/\/tvbrazilusa.com\/pt\/wp-json\/wp\/v2\/posts\/99930\/revisions"}],"predecessor-version":[{"id":99932,"href":"https:\/\/tvbrazilusa.com\/pt\/wp-json\/wp\/v2\/posts\/99930\/revisions\/99932"}],"wp:featuredmedia":[{"embeddable":true,"href":"https:\/\/tvbrazilusa.com\/pt\/wp-json\/wp\/v2\/media\/99931"}],"wp:attachment":[{"href":"https:\/\/tvbrazilusa.com\/pt\/wp-json\/wp\/v2\/media?parent=99930"}],"wp:term":[{"taxonomy":"category","embeddable":true,"href":"https:\/\/tvbrazilusa.com\/pt\/wp-json\/wp\/v2\/categories?post=99930"},{"taxonomy":"post_tag","embeddable":true,"href":"https:\/\/tvbrazilusa.com\/pt\/wp-json\/wp\/v2\/tags?post=99930"}],"curies":[{"name":"wp","href":"https:\/\/api.w.org\/{rel}","templated":true}]}}