{"id":99933,"date":"2025-02-06T18:12:01","date_gmt":"2025-02-06T18:12:01","guid":{"rendered":"https:\/\/tvbrazilusa.com\/2025\/02\/06\/funcionarios-da-usaid-ao-redor-do-mundo-enfrentarao-suspensao-nesta-semana\/"},"modified":"2025-02-06T18:12:03","modified_gmt":"2025-02-06T18:12:03","slug":"funcionarios-da-usaid-ao-redor-do-mundo-enfrentarao-suspensao-nesta-semana","status":"publish","type":"post","link":"https:\/\/tvbrazilusa.com\/pt\/2025\/02\/06\/funcionarios-da-usaid-ao-redor-do-mundo-enfrentarao-suspensao-nesta-semana\/","title":{"rendered":"Funcion\u00e1rios da USAID ao redor do mundo enfrentar\u00e3o suspens\u00e3o nesta semana"},"content":{"rendered":"<p> <script async src=\"https:\/\/pagead2.googlesyndication.com\/pagead\/js\/adsbygoogle.js?client=ca-pub-8864793242727901\"\r\n     crossorigin=\"anonymous\"><\/script><br \/>\n<\/p>\n<p>Os funcion\u00e1rios da Ag\u00eancia dos EUA para o Desenvolvimento Internacional (USAID, na sigla em ingl\u00eas) em todo o mundo ser\u00e3o colocados em licen\u00e7a administrativa na sexta-feira (7) e ordenados a retornar aos Estados Unidos, de acordo com uma diretiva emitida na ter\u00e7a-feira (4) \u00e0 noite.\n<\/p>\n<div id=\"mid2\" data-google-query-id=\"CO3voYCmr4sDFWRLuAQdXv8vUw\">\n<p>A partir das 23h59 ET de sexta-feira (01h59 de s\u00e1bado (8), no hor\u00e1rio de Bras\u00edlia), \u201ctodo o pessoal contratado diretamente pela USAID ser\u00e1 colocado em licen\u00e7a administrativa globalmente\u201d, informa uma declara\u00e7\u00e3o publicada no site da ag\u00eancia, que voltou a ficar online ap\u00f3s estar fora do ar semana passada.<\/p>\n<p>A exce\u00e7\u00e3o, ainda segundo o comunicado, \u00e9 para agentes respons\u00e1veis por \u201cfun\u00e7\u00f5es cr\u00edticas de miss\u00e3o, lideran\u00e7a central e programas especialmente designados\u201d.\n<\/p>\n<p>Uma contrata\u00e7\u00e3o direta diz respeito a um funcion\u00e1rio empregado diretamente pelo governo dos EUA, em oposi\u00e7\u00e3o a contratados, que comp\u00f5em uma grande parte da for\u00e7a de trabalho da USAID. Muitos desses contratados j\u00e1 foram licenciados ou demitidos.\n<\/p>\n<p>A declara\u00e7\u00e3o ressalta que est\u00e1 preparando um plano para os agentes destacados fora dos Estados Unidos \u201csob o qual a Ag\u00eancia organizaria e pagaria pela viagem de retorno em 30 dias\u201d e que rescindir\u00e1 \u201ccontratos que n\u00e3o forem determinados como essenciais\u201d.\n<\/p>\n<p>Os funcion\u00e1rios essenciais que devem continuar trabalhando ser\u00e3o informados at\u00e9 quinta-feira (6) \u00e0 tarde.\n<\/p>\n<h2>Trump pode fechar ag\u00eancia de ajuda externa<\/h2>\n<p>A diretiva \u00e9 publicada no momento em que o governo de Donald Trump congelou quase toda a ajuda externa, al\u00e9m de sinalizar que planeja abolir a ag\u00eancia como um entidade independente.\n<\/p>\n<p>Entretanto, um relat\u00f3rio desta semana do Congressional Research Service destacou que o presidente n\u00e3o poderia \u201cabolir, mover ou consolidar a USAID\u201d unilateralmente, precisando de autoriza\u00e7\u00e3o do Congresso para isso.\n<\/p>\n<p>Na segunda-feira (3), o Secret\u00e1rio de Estado Marco Rubio anunciou que seria o administrador interino da USAID, confirmando a aquisi\u00e7\u00e3o da ag\u00eancia humanit\u00e1ria pelo Departamento de Estado.\n<\/p>\n<p>Nos \u00faltimos dias, dezenas de altos funcion\u00e1rios da USAID foram colocados em licen\u00e7a, milhares de contratados foram terminados e os funcion\u00e1rios foram informados esta semana para n\u00e3o se apresentarem na sede da ag\u00eancia em Washington.\n<\/p>\n<p>A CNN relatou anteriormente que os funcion\u00e1rios estavam recebendo e-mails na ter\u00e7a-feira (4) informando que estavam sendo colocados em licen\u00e7a. V\u00e1rios agentes compartilharam com a CNN o aviso do administrador adjunto interino, Peter Marocco.\n<\/p>\n<p>\u201cVoc\u00ea permanecer\u00e1 em licen\u00e7a administrativa remunerada at\u00e9 que seja notificado de outra forma\u201d, afirma o aviso.\n<\/p>\n<p>\u201cDurante o per\u00edodo em que estiver em licen\u00e7a administrativa, voc\u00ea n\u00e3o deve entrar nas instala\u00e7\u00f5es da USAID, acessar os sistemas da USAID ou tentar usar sua posi\u00e7\u00e3o ou autoridade com a USAID de nenhuma forma sem minha permiss\u00e3o pr\u00e9via ou permiss\u00e3o pr\u00e9via de um supervisor em sua cadeia de comando\u201d, diz.\n<\/p>\n<p>Quando um rep\u00f3rter comentou ao presidente Donald Trump na ter\u00e7a-feira que parecia que ele iria \u201cencerrar\u201d a ag\u00eancia, ele riu e disse: \u201cParece que sim\u201d.<\/p>\n<p>Fonte: CNN Brasil\n<\/p>\n<\/div>\n<p><br \/>\n<br \/><a href=\"https:\/\/diariodobrasilnoticias.com.br\/noticia\/funcionarios-da-usaid-ao-redor-do-mundo-enfrentarao-suspensao-nesta-semana-67a4cdb0a3452\">Source link <\/a><\/p>","protected":false},"excerpt":{"rendered":"<p>Os funcion\u00e1rios da Ag\u00eancia dos EUA para o Desenvolvimento Internacional (USAID, na sigla em ingl\u00eas) em todo o mundo ser\u00e3o colocados em licen\u00e7a administrativa na sexta-feira (7) e ordenados a&hellip;<\/p>","protected":false},"author":1,"featured_media":99934,"comment_status":"closed","ping_status":"open","sticky":false,"template":"","format":"standard","meta":{"content-type":"","footnotes":""},"categories":[16],"tags":[123,2448,5313,1267],"class_list":["post-99933","post","type-post","status-publish","format-standard","has-post-thumbnail","hentry","category-noticias","tag-brasil","tag-diario","tag-noticia","tag-noticias"],"_links":{"self":[{"href":"https:\/\/tvbrazilusa.com\/pt\/wp-json\/wp\/v2\/posts\/99933","targetHints":{"allow":["GET"]}}],"collection":[{"href":"https:\/\/tvbrazilusa.com\/pt\/wp-json\/wp\/v2\/posts"}],"about":[{"href":"https:\/\/tvbrazilusa.com\/pt\/wp-json\/wp\/v2\/types\/post"}],"author":[{"embeddable":true,"href":"https:\/\/tvbrazilusa.com\/pt\/wp-json\/wp\/v2\/users\/1"}],"replies":[{"embeddable":true,"href":"https:\/\/tvbrazilusa.com\/pt\/wp-json\/wp\/v2\/comments?post=99933"}],"version-history":[{"count":1,"href":"https:\/\/tvbrazilusa.com\/pt\/wp-json\/wp\/v2\/posts\/99933\/revisions"}],"predecessor-version":[{"id":99935,"href":"https:\/\/tvbrazilusa.com\/pt\/wp-json\/wp\/v2\/posts\/99933\/revisions\/99935"}],"wp:featuredmedia":[{"embeddable":true,"href":"https:\/\/tvbrazilusa.com\/pt\/wp-json\/wp\/v2\/media\/99934"}],"wp:attachment":[{"href":"https:\/\/tvbrazilusa.com\/pt\/wp-json\/wp\/v2\/media?parent=99933"}],"wp:term":[{"taxonomy":"category","embeddable":true,"href":"https:\/\/tvbrazilusa.com\/pt\/wp-json\/wp\/v2\/categories?post=99933"},{"taxonomy":"post_tag","embeddable":true,"href":"https:\/\/tvbrazilusa.com\/pt\/wp-json\/wp\/v2\/tags?post=99933"}],"curies":[{"name":"wp","href":"https:\/\/api.w.org\/{rel}","templated":true}]}}