{"id":99939,"date":"2025-02-06T18:36:56","date_gmt":"2025-02-06T18:36:56","guid":{"rendered":"https:\/\/tvbrazilusa.com\/2025\/02\/06\/tres-militares-da-fab-sao-detidos-por-transportar-drogas-em-avioes-oficiais\/"},"modified":"2025-02-06T18:36:59","modified_gmt":"2025-02-06T18:36:59","slug":"tres-militares-da-fab-sao-detidos-por-transportar-drogas-em-avioes-oficiais","status":"publish","type":"post","link":"https:\/\/tvbrazilusa.com\/pt\/2025\/02\/06\/tres-militares-da-fab-sao-detidos-por-transportar-drogas-em-avioes-oficiais\/","title":{"rendered":"Tr\u00eas militares da FAB s\u00e3o detidos por transportar drogas em avi\u00f5es oficiais"},"content":{"rendered":"<p> <script async src=\"https:\/\/pagead2.googlesyndication.com\/pagead\/js\/adsbygoogle.js?client=ca-pub-8864793242727901\"\r\n     crossorigin=\"anonymous\"><\/script><br \/>\n<\/p>\n<div>\n<figure class=\"post-image\">\n<\/figure>\n<p>            <span style=\"font-size: 12px\">Divulga\u00e7\u00e3o<\/span><\/p>\n<p>            <!-- end metas --><br \/>\n            <!-- ADS --><\/p>\n<div id=\"taboola-read-more\" style=\"display:block; width:100%\">\n<p>A Pol\u00edcia Civil do Amazonas prendeu nessa segunda-feira (3\/2) tr\u00eas militares da For\u00e7a A\u00e9rea Brasileira (FAB) por suspeita de envolvimento com o transporte de drogas em avi\u00f5es da FAB. Dois civis suspeitos do crime tamb\u00e9m foram presos. O caso s\u00f3 foi divulgado nesta quinta-feira (6).\n<\/p>\n<p>A Opera\u00e7\u00e3o Queda no C\u00e9u foi deflagrada pela Delegacia Especializada de S\u00e3o Gabriel da Cachoeira, cidade que fica a mais de 850 quil\u00f4metros da capital, Manaus, e que faz fronteira com a Col\u00f4mbia e a Venezuela. Historicamente, a regi\u00e3o registra intensa atividade do narcotr\u00e1fico.<\/p>\n<p>Segundo informa\u00e7\u00f5es da Pol\u00edcia Civil, entre os presos est\u00e1 o respons\u00e1vel por financiar a compra e o transporte das drogas, que estariam sendo regularmente levadas de S\u00e3o Gabriel da Cachoeira at\u00e9 Manaus nos avi\u00f5es da FAB.\n<\/p>\n<p>As investiga\u00e7\u00f5es tiveram origem em uma apreens\u00e3o de cerca de 350 quilos de drogas ocorrida no ano passado, quando tr\u00eas militares haviam sido presos, incluindo um soldado do Ex\u00e9rcito.\n<\/p>\n<p>A Ag\u00eancia Brasil pediu posicionamento da FAB. A For\u00e7a A\u00e9rea disse que \u201cacompanha o caso e corrobora com as investiga\u00e7\u00f5es policiais em curso\u201d e afirmou que o Comando da Aeron\u00e1utica \u201cn\u00e3o compactua com condutas que n\u00e3o est\u00e3o de acordo com os valores, a dedica\u00e7\u00e3o e o trabalho do efetivo em prol do cumprimento de sua miss\u00e3o institucional\u201d.\n<\/p>\n<p>Fonte: Metr\u00f3poles              <\/p>\n<\/div>\n<p>                        <!-- Scripts para conteudo --><\/p>\n<p>            <!-- .\/Scripts para conteudo --><br \/>\n            <!-- .\/Mat\u00e9ria --><\/p>\n<div class=\"row mt-3\">\n<div class=\"col-sm-6\">\n                <!-- Whatsapp channel 3--><br \/>\n                <a href=\"https:\/\/chat.whatsapp.com\/B8Qy6Erx4kb6yTzj3kaDco\" target=\"_blank\"><br \/>\n                  <img decoding=\"async\" src=\"https:\/\/diariodobrasilnoticias.com.br\/assets-site\/images\/bot_whatsapp.png\"\/><\/a>\n              <\/div>\n<div class=\"col-sm-6\">\n                <a href=\"https:\/\/t.me\/+_4gTmi5LKo03OTM5\" target=\"_blank\"><br \/>\n                  <img decoding=\"async\" src=\"https:\/\/diariodobrasilnoticias.com.br\/assets-site\/images\/bot_telegram.png\"\/><\/a>\n              <\/div>\n<\/p><\/div>\n<p>            <!-- end post-navigation --><\/p>\n<p>              <!-- end row --><\/p>\n<p>              <!-- end col-12-->\n                      <\/div>\n<p><br \/>\n<br \/><a href=\"https:\/\/diariodobrasilnoticias.com.br\/noticia\/tres-militares-da-fab-sao-detidos-por-transportar-drogas-em-avioes-oficiais-67a4f617cbe32\">Source link <\/a><\/p>","protected":false},"excerpt":{"rendered":"<p>Divulga\u00e7\u00e3o A Pol\u00edcia Civil do Amazonas prendeu nessa segunda-feira (3\/2) tr\u00eas militares da For\u00e7a A\u00e9rea Brasileira (FAB) por suspeita de envolvimento com o transporte de drogas em avi\u00f5es da FAB.&hellip;<\/p>","protected":false},"author":1,"featured_media":99940,"comment_status":"closed","ping_status":"open","sticky":false,"template":"","format":"standard","meta":{"content-type":"","footnotes":""},"categories":[16],"tags":[123,2448,5313,1267],"class_list":["post-99939","post","type-post","status-publish","format-standard","has-post-thumbnail","hentry","category-noticias","tag-brasil","tag-diario","tag-noticia","tag-noticias"],"_links":{"self":[{"href":"https:\/\/tvbrazilusa.com\/pt\/wp-json\/wp\/v2\/posts\/99939","targetHints":{"allow":["GET"]}}],"collection":[{"href":"https:\/\/tvbrazilusa.com\/pt\/wp-json\/wp\/v2\/posts"}],"about":[{"href":"https:\/\/tvbrazilusa.com\/pt\/wp-json\/wp\/v2\/types\/post"}],"author":[{"embeddable":true,"href":"https:\/\/tvbrazilusa.com\/pt\/wp-json\/wp\/v2\/users\/1"}],"replies":[{"embeddable":true,"href":"https:\/\/tvbrazilusa.com\/pt\/wp-json\/wp\/v2\/comments?post=99939"}],"version-history":[{"count":1,"href":"https:\/\/tvbrazilusa.com\/pt\/wp-json\/wp\/v2\/posts\/99939\/revisions"}],"predecessor-version":[{"id":99941,"href":"https:\/\/tvbrazilusa.com\/pt\/wp-json\/wp\/v2\/posts\/99939\/revisions\/99941"}],"wp:featuredmedia":[{"embeddable":true,"href":"https:\/\/tvbrazilusa.com\/pt\/wp-json\/wp\/v2\/media\/99940"}],"wp:attachment":[{"href":"https:\/\/tvbrazilusa.com\/pt\/wp-json\/wp\/v2\/media?parent=99939"}],"wp:term":[{"taxonomy":"category","embeddable":true,"href":"https:\/\/tvbrazilusa.com\/pt\/wp-json\/wp\/v2\/categories?post=99939"},{"taxonomy":"post_tag","embeddable":true,"href":"https:\/\/tvbrazilusa.com\/pt\/wp-json\/wp\/v2\/tags?post=99939"}],"curies":[{"name":"wp","href":"https:\/\/api.w.org\/{rel}","templated":true}]}}