{"id":9995,"date":"2022-07-06T00:40:08","date_gmt":"2022-07-06T00:40:08","guid":{"rendered":"https:\/\/tvbrazilusa.com\/2022\/07\/06\/aprovado-requerimento-para-ouvir-marcos-valerio-na-camara-dos-deputados\/"},"modified":"2022-07-06T00:40:08","modified_gmt":"2022-07-06T00:40:08","slug":"aprovado-requerimento-para-ouvir-marcos-valerio-na-camara-dos-deputados","status":"publish","type":"post","link":"https:\/\/tvbrazilusa.com\/pt\/2022\/07\/06\/aprovado-requerimento-para-ouvir-marcos-valerio-na-camara-dos-deputados\/","title":{"rendered":"APROVADO requerimento para ouvir Marcos Val\u00e9rio na C\u00e2mara dos Deputados"},"content":{"rendered":"<p><iframe  width=\"580\" height=\"385\" src=\"https:\/\/www.youtube.com\/embed\/46PFCWYFSGg?modestbranding=1\" frameborder=\"0\" allowfullscreen><\/iframe><br \/>\n<br \/>A Comiss\u00e3o de Seguran\u00e7a P\u00fablica da C\u00e2mara aprovou requerimento para ouvir depoimento de Marcos Val\u00e9rio para que ele esclare\u00e7a den\u00fancias de envolvimento do PT com o PCC.<\/p>\n<p>Mat\u00e9ria completa da Record:  .<br \/>\n<br \/><a href=\"https:\/\/www.youtube.com\/watch?v=46PFCWYFSGg\">source<\/a><\/p>","protected":false},"excerpt":{"rendered":"<p>A Comiss\u00e3o de Seguran\u00e7a P\u00fablica da C\u00e2mara aprovou requerimento para ouvir depoimento de Marcos Val\u00e9rio para que ele esclare\u00e7a den\u00fancias de envolvimento do PT com o PCC. Mat\u00e9ria completa da&hellip;<\/p>","protected":false},"author":1,"featured_media":9996,"comment_status":"","ping_status":"open","sticky":false,"template":"","format":"standard","meta":{"content-type":"","footnotes":""},"categories":[1],"tags":[],"class_list":["post-9995","post","type-post","status-publish","format-standard","has-post-thumbnail","hentry","category-uncategorized"],"_links":{"self":[{"href":"https:\/\/tvbrazilusa.com\/pt\/wp-json\/wp\/v2\/posts\/9995","targetHints":{"allow":["GET"]}}],"collection":[{"href":"https:\/\/tvbrazilusa.com\/pt\/wp-json\/wp\/v2\/posts"}],"about":[{"href":"https:\/\/tvbrazilusa.com\/pt\/wp-json\/wp\/v2\/types\/post"}],"author":[{"embeddable":true,"href":"https:\/\/tvbrazilusa.com\/pt\/wp-json\/wp\/v2\/users\/1"}],"replies":[{"embeddable":true,"href":"https:\/\/tvbrazilusa.com\/pt\/wp-json\/wp\/v2\/comments?post=9995"}],"version-history":[{"count":0,"href":"https:\/\/tvbrazilusa.com\/pt\/wp-json\/wp\/v2\/posts\/9995\/revisions"}],"wp:featuredmedia":[{"embeddable":true,"href":"https:\/\/tvbrazilusa.com\/pt\/wp-json\/wp\/v2\/media\/9996"}],"wp:attachment":[{"href":"https:\/\/tvbrazilusa.com\/pt\/wp-json\/wp\/v2\/media?parent=9995"}],"wp:term":[{"taxonomy":"category","embeddable":true,"href":"https:\/\/tvbrazilusa.com\/pt\/wp-json\/wp\/v2\/categories?post=9995"},{"taxonomy":"post_tag","embeddable":true,"href":"https:\/\/tvbrazilusa.com\/pt\/wp-json\/wp\/v2\/tags?post=9995"}],"curies":[{"name":"wp","href":"https:\/\/api.w.org\/{rel}","templated":true}]}}