{"id":99956,"date":"2025-02-06T19:41:15","date_gmt":"2025-02-06T19:41:15","guid":{"rendered":"https:\/\/tvbrazilusa.com\/2025\/02\/06\/israel-desenvolvera-um-plano-para-a-saida-voluntaria-dos-habitantes-de-gaza\/"},"modified":"2025-02-06T19:41:16","modified_gmt":"2025-02-06T19:41:16","slug":"israel-desenvolvera-um-plano-para-a-saida-voluntaria-dos-habitantes-de-gaza","status":"publish","type":"post","link":"https:\/\/tvbrazilusa.com\/pt\/2025\/02\/06\/israel-desenvolvera-um-plano-para-a-saida-voluntaria-dos-habitantes-de-gaza\/","title":{"rendered":"Israel desenvolver\u00e1 um plano para a &#8216;sa\u00edda volunt\u00e1ria&#8217; dos habitantes de Gaza"},"content":{"rendered":"<p> <script async src=\"https:\/\/pagead2.googlesyndication.com\/pagead\/js\/adsbygoogle.js?client=ca-pub-8864793242727901\"\r\n     crossorigin=\"anonymous\"><\/script><br \/>\n<\/p>\n<div id=\"taboola-read-more\" style=\"display:block; width:100%\">\n<p>O ministro da Defesa de Israel ordenou ao Ex\u00e9rcito nesta quinta-feira (6) que prepare um plano para permitir a \u201csa\u00edda volunt\u00e1ria\u201d de moradores da Faixa de Gaza, depois que o presidente dos Estados Unidos, Donald Trump, anunciou uma ideia para assumir o controle do territ\u00f3rio.\n<\/p>\n<p>Israel Katz saudou o an\u00fancio de Trump sobre possivelmente reassentar os mais de 2 milh\u00f5es de palestinos que vivem em Gaza e transformar o territ\u00f3rio na \u201cRiviera do Oriente M\u00e9dio\u201d.<\/p>\n<p>\u201cOs residentes de Gaza devem ter a liberdade de sair e emigrar, como \u00e9 a norma em todo o mundo\u201d, comentou Katz no X.\n<\/p>\n<p>O ministro afirmou que o plano incluiria op\u00e7\u00f5es de sa\u00edda por meio de passagens terrestres, bem como arranjos especiais para a sa\u00edda por mar e ar.\n<\/p>\n<p>Basem Naim, representante do Hamas, acusou Katz de tentar encobrir \u201cum Estado que n\u00e3o conseguiu atingir nenhum de seus objetivos na guerra contra Gaza\u201d e pontuou que os palestinos s\u00e3o muito apegados \u00e0 terra para sair.\n<\/p>\n<p>O chanceler israelense disse que os pa\u00edses que se opuseram \u00e0s opera\u00e7\u00f5es militares de Israel deveriam acolher os palestinos.\n<\/p>\n<p>\u201cPa\u00edses como Espanha, Irlanda, Noruega e outros, que levantaram acusa\u00e7\u00f5es e falsas alega\u00e7\u00f5es contra Israel por causa de suas a\u00e7\u00f5es em Gaza, s\u00e3o legalmente obrigados a permitir que qualquer residente de Gaza entre em seus territ\u00f3rios\u201d, declarou.\n<\/p>\n<p>\u201cSua hipocrisia ser\u00e1 exposta se eles se recusarem a fazer isso. H\u00e1 pa\u00edses como o Canad\u00e1, que tem um programa de imigra\u00e7\u00e3o estruturado, que j\u00e1 expressaram anteriormente sua disposi\u00e7\u00e3o de aceitar residentes de Gaza\u201d, adicionou.\n<\/p>\n<p>Essas falas atra\u00edram cr\u00edticas do ministro das Rela\u00e7\u00f5es Exteriores da Espanha, Jos\u00e9 Manuel Albares.\n<\/p>\n<p>\u201cA terra dos habitantes de Gaza \u00e9 Gaza, e ela deve fazer parte do futuro Estado palestino\u201d, pontuou Albares em uma entrevista \u00e0 esta\u00e7\u00e3o de r\u00e1dio espanhola RNE.\n<\/p>\n<p>Katz acusou o Hamas de manter os palestinos como ref\u00e9ns no territ\u00f3rio, impedindo sua sa\u00edda e extorquindo dinheiro deles por meio do sistema de ajuda humanit\u00e1ria. Ele n\u00e3o entrou em detalhes.\n<\/p>\n<p>Palestinos temem viver novo \u00eaxodo<br \/>A realoca\u00e7\u00e3o de palestinos \u00e9 uma das quest\u00f5es mais sens\u00edveis no Oriente M\u00e9dio. O deslocamento for\u00e7ado ou coagido de uma popula\u00e7\u00e3o sob ocupa\u00e7\u00e3o militar \u00e9 um crime de guerra, proibido pelas Conven\u00e7\u00f5es de Genebra de 1949.\n<\/p>\n<p>Os ataques israelenses que mataram dezenas de milhares de pessoas nos \u00faltimos 16 meses for\u00e7aram os palestinos a se deslocarem diversas vezes dentro de Gaza, em busca de seguran\u00e7a.\n<\/p>\n<p>Mas muitos dizem que nunca deixar\u00e3o o territ\u00f3rio, porque temem o deslocamento permanente, como na \u201cNakba\u201d, ou cat\u00e1strofe, quando centenas de milhares de pessoas foram tiradas de suas casas na guerra que deu origem ao Estado de Israel em 1948.\n<\/p>\n<p>Muitos foram expulsos ou fugiram para Gaza, Cisjord\u00e2nia e Estados \u00e1rabes vizinhos, inclusive Jord\u00e2nia, S\u00edria e L\u00edbano, onde seus descendentes ainda vivem em campos de refugiados. Israel contesta a vers\u00e3o de que eles foram for\u00e7ados a\n<\/p>\n<p>Fonte: CNN Brasil              <\/p>\n<\/div>\n<p><br \/>\n<br \/><a href=\"https:\/\/diariodobrasilnoticias.com.br\/noticia\/israel-desenvolvera-um-plano-para-a-saida-voluntaria-dos-habitantes-de-gaza-67a4f49b1af77\">Source link <\/a><\/p>","protected":false},"excerpt":{"rendered":"<p>O ministro da Defesa de Israel ordenou ao Ex\u00e9rcito nesta quinta-feira (6) que prepare um plano para permitir a \u201csa\u00edda volunt\u00e1ria\u201d de moradores da Faixa de Gaza, depois que o&hellip;<\/p>","protected":false},"author":1,"featured_media":99957,"comment_status":"closed","ping_status":"open","sticky":false,"template":"","format":"standard","meta":{"content-type":"","footnotes":""},"categories":[16],"tags":[123,2448,5313,1267],"class_list":["post-99956","post","type-post","status-publish","format-standard","has-post-thumbnail","hentry","category-noticias","tag-brasil","tag-diario","tag-noticia","tag-noticias"],"_links":{"self":[{"href":"https:\/\/tvbrazilusa.com\/pt\/wp-json\/wp\/v2\/posts\/99956","targetHints":{"allow":["GET"]}}],"collection":[{"href":"https:\/\/tvbrazilusa.com\/pt\/wp-json\/wp\/v2\/posts"}],"about":[{"href":"https:\/\/tvbrazilusa.com\/pt\/wp-json\/wp\/v2\/types\/post"}],"author":[{"embeddable":true,"href":"https:\/\/tvbrazilusa.com\/pt\/wp-json\/wp\/v2\/users\/1"}],"replies":[{"embeddable":true,"href":"https:\/\/tvbrazilusa.com\/pt\/wp-json\/wp\/v2\/comments?post=99956"}],"version-history":[{"count":1,"href":"https:\/\/tvbrazilusa.com\/pt\/wp-json\/wp\/v2\/posts\/99956\/revisions"}],"predecessor-version":[{"id":99958,"href":"https:\/\/tvbrazilusa.com\/pt\/wp-json\/wp\/v2\/posts\/99956\/revisions\/99958"}],"wp:featuredmedia":[{"embeddable":true,"href":"https:\/\/tvbrazilusa.com\/pt\/wp-json\/wp\/v2\/media\/99957"}],"wp:attachment":[{"href":"https:\/\/tvbrazilusa.com\/pt\/wp-json\/wp\/v2\/media?parent=99956"}],"wp:term":[{"taxonomy":"category","embeddable":true,"href":"https:\/\/tvbrazilusa.com\/pt\/wp-json\/wp\/v2\/categories?post=99956"},{"taxonomy":"post_tag","embeddable":true,"href":"https:\/\/tvbrazilusa.com\/pt\/wp-json\/wp\/v2\/tags?post=99956"}],"curies":[{"name":"wp","href":"https:\/\/api.w.org\/{rel}","templated":true}]}}