{"id":99965,"date":"2025-02-06T19:54:07","date_gmt":"2025-02-06T19:54:07","guid":{"rendered":"https:\/\/tvbrazilusa.com\/2025\/02\/06\/malik-nabers-do-giants-tem-pensamentos-sobre-o-plano-qb\/"},"modified":"2025-02-06T20:03:50","modified_gmt":"2025-02-06T20:03:50","slug":"malik-nabers-do-giants-tem-pensamentos-sobre-o-plano-qb","status":"publish","type":"post","link":"https:\/\/tvbrazilusa.com\/pt\/2025\/02\/06\/malik-nabers-do-giants-tem-pensamentos-sobre-o-plano-qb\/","title":{"rendered":"Malik Nabers, do Giants, tem pensamentos sobre o Plano QB"},"content":{"rendered":"<script async src=\"https:\/\/pagead2.googlesyndication.com\/pagead\/js\/adsbygoogle.js?client=ca-pub-8864793242727901\"\r\n     crossorigin=\"anonymous\"><\/script>\n<div>\n<p class=\"article__paragraph article__paragraph--left\" id=\"URCHVVHCGND5HMHSOUTGMBRSMY\">Os Giants esperam melhorar a produ\u00e7\u00e3o da posi\u00e7\u00e3o de zagueiro no futuro e podem ter a chance de abordar isso durante o rascunho deste ano.<\/p>\n<p class=\"article__paragraph article__paragraph--left\" id=\"ZSAZGQPHBJGAXHAIBKNLTLOQT4\">Se os Giants usarem sua escolha geral n\u00ba 3 em um novato, o wide receiver Malik Nabers pensa em alguns pensamentos sobre o plano da equipe com a sala de zagueiro.<\/p>\n<p class=\"article__paragraph article__paragraph--left\" id=\"GBETRCUFFBDHDGHINPFANZOCGQ\">&#8220;Eu gostaria de ter um veterin\u00e1rio l\u00e1&#8221;, disse Nabers na quarta -feira <i>PFT ao vivo<\/i>. \u201cSe decidirmos escolher um novato, nos meus olhos, eu gostaria que um veterin\u00e1rio estivesse na mesma sala com aquele novato ensinando algumas coisas, ent\u00e3o quando ele estiver l\u00e1 fora &#8211; ele n\u00e3o est\u00e1 l\u00e1 fora na cabe\u00e7a [thinking] Ele tem que ser o salvador dessa equipe. Isso \u00e9 muito para vestir um novato. \u201d<\/p>\n<p class=\"article__paragraph article__paragraph--left\" id=\"NARTLTZZV5BTXL6HTKIIRIZDF4\">Atualmente, Tommy DeVito IS \u00e9 o zagueiro sob contrato em 2025 para o Giants. A equipe provavelmente far\u00e1 v\u00e1rios movimentos na posi\u00e7\u00e3o nesta offseason.<\/p>\n<p class=\"article__paragraph article__paragraph--left\" id=\"NZN7PYVMUBCKVCG3MM6AFVOXXI\">Cam Ward de Miami e Shedeur Sanders do Colorado s\u00e3o os zagueiros da aula de draft deste ano e podem ir nas duas primeiras escolhas se os Tit\u00e3s e Browns decidirem seguir a rota do zagueiro.<\/p>\n<section class=\"Stories-By-Section-Tag-module_wrapper__69Ed7 Stories-By-Section-Tag-module_nj__RFbQx\"\/>\n<p class=\"article__paragraph article__paragraph--left\" id=\"XHL46ECTLNA6ZIFYMX7NR66TPA\"><i>Obrigado por confiar em n\u00f3s para fornecer o jornalismo em que voc\u00ea pode confiar. Por favor, considere nos apoiar com uma assinatura.<\/i><\/p>\n<p class=\"article__paragraph article__paragraph--left\" id=\"66VJGPV3WJHWJIROFK5XYM62ZM\"><i>Bridget Hyland pode ser alcan\u00e7ado em <\/i><a href=\"https:\/\/www.nj.com\/sports\/2025\/02\/mailto:bhyland@njadvancemedia.com\" target=\"_blank\" rel=\"\"><i>bhyland@njadvancemedia.com<\/i><\/a><\/p>\n<\/div>\n<p><br \/>\n<br \/><a href=\"https:\/\/www.nj.com\/sports\/2025\/02\/giants-malik-nabers-has-thoughts-on-qb-plan.html\">Source link <\/a><\/p>","protected":false},"excerpt":{"rendered":"<p>Os Giants esperam melhorar a produ\u00e7\u00e3o da posi\u00e7\u00e3o de zagueiro no futuro e podem ter a chance de abordar isso durante o rascunho deste ano. Se os Giants usarem sua&hellip;<\/p>","protected":false},"author":1,"featured_media":99966,"comment_status":"closed","ping_status":"open","sticky":false,"template":"","format":"standard","meta":{"content-type":"","footnotes":""},"categories":[1],"tags":[],"class_list":["post-99965","post","type-post","status-publish","format-standard","has-post-thumbnail","hentry","category-uncategorized"],"_links":{"self":[{"href":"https:\/\/tvbrazilusa.com\/pt\/wp-json\/wp\/v2\/posts\/99965","targetHints":{"allow":["GET"]}}],"collection":[{"href":"https:\/\/tvbrazilusa.com\/pt\/wp-json\/wp\/v2\/posts"}],"about":[{"href":"https:\/\/tvbrazilusa.com\/pt\/wp-json\/wp\/v2\/types\/post"}],"author":[{"embeddable":true,"href":"https:\/\/tvbrazilusa.com\/pt\/wp-json\/wp\/v2\/users\/1"}],"replies":[{"embeddable":true,"href":"https:\/\/tvbrazilusa.com\/pt\/wp-json\/wp\/v2\/comments?post=99965"}],"version-history":[{"count":1,"href":"https:\/\/tvbrazilusa.com\/pt\/wp-json\/wp\/v2\/posts\/99965\/revisions"}],"predecessor-version":[{"id":99967,"href":"https:\/\/tvbrazilusa.com\/pt\/wp-json\/wp\/v2\/posts\/99965\/revisions\/99967"}],"wp:featuredmedia":[{"embeddable":true,"href":"https:\/\/tvbrazilusa.com\/pt\/wp-json\/wp\/v2\/media\/99966"}],"wp:attachment":[{"href":"https:\/\/tvbrazilusa.com\/pt\/wp-json\/wp\/v2\/media?parent=99965"}],"wp:term":[{"taxonomy":"category","embeddable":true,"href":"https:\/\/tvbrazilusa.com\/pt\/wp-json\/wp\/v2\/categories?post=99965"},{"taxonomy":"post_tag","embeddable":true,"href":"https:\/\/tvbrazilusa.com\/pt\/wp-json\/wp\/v2\/tags?post=99965"}],"curies":[{"name":"wp","href":"https:\/\/api.w.org\/{rel}","templated":true}]}}