{"id":9997,"date":"2024-07-27T13:48:34","date_gmt":"2024-07-27T13:48:34","guid":{"rendered":"https:\/\/tvbrazilusa.com\/2024\/07\/27\/quem-sao-os-10-homens-mais-ricos-do-brasil-em-2024-segundo-a-forbes-veja-lista\/"},"modified":"2024-07-27T13:55:40","modified_gmt":"2024-07-27T13:55:40","slug":"quem-sao-os-10-homens-mais-ricos-do-brasil-em-2024-segundo-a-forbes-veja-lista","status":"publish","type":"post","link":"https:\/\/tvbrazilusa.com\/pt\/2024\/07\/27\/quem-sao-os-10-homens-mais-ricos-do-brasil-em-2024-segundo-a-forbes-veja-lista\/","title":{"rendered":"Quem s\u00e3o os 10 homens mais ricos do Brasil em 2024, segundo a Forbes? Veja lista"},"content":{"rendered":"<p> <script async src=\"https:\/\/pagead2.googlesyndication.com\/pagead\/js\/adsbygoogle.js?client=ca-pub-8864793242727901\"\r\n     crossorigin=\"anonymous\"><\/script><br \/>\n<\/p>\n<div>\n<p>Foto: Reprodu\u00e7\u00e3o.<\/p>\n<p>O empres\u00e1rio Eduardo Saverin \u00e9 atualmente o homem mais rico do Brasil. Com um patrim\u00f4nio avaliado em 25,6 bilh\u00f5es de d\u00f3lares (equivalente a R$ 144,5 bilh\u00f5es), segundo a lista da Forbes divulgada na \u00faltima sexta-feira (26), Saverin tamb\u00e9m ocupa a 73\u00aa posi\u00e7\u00e3o entre os maiores bilion\u00e1rios do mundo.<\/p>\n<p>Saverin, cofundador do Facebook, viu sua fortuna dar um salto significativo desde a primeira vez que apareceu na lista da Forbes em 2011, ap\u00f3s a abertura de capital da rede social. Em 2023, sua riqueza aumentou em cerca de 18 bilh\u00f5es de d\u00f3lares (R$ 101,6 bilh\u00f5es), impulsionada pela valoriza\u00e7\u00e3o de 300% das a\u00e7\u00f5es da Meta, a empresa que controla o Facebook, Messenger, Instagram, WhatsApp e Threads.<\/p>\n<h2 class=\"wp-block-heading\">Quem \u00e9 Eduardo Saverin?<\/h2>\n<p>Eduardo Saverin, que atualmente tem 42 anos, \u00e9 um dos nomes mais conhecidos do setor de tecnologia e finan\u00e7as. Como cofundador do Facebook, Saverin desempenhou um papel crucial na cria\u00e7\u00e3o da rede social que revolucionou a comunica\u00e7\u00e3o digital.<\/p>\n<p>Ele possui um patrim\u00f4nio l\u00edquido de aproximadamente 10 milh\u00f5es de d\u00f3lares (R$ 56,4 milh\u00f5es) a mais que Jorge Paulo Lemann, que se encontra em segundo lugar na lista dos mais ricos do Brasil. Saverin \u00e9 not\u00e1vel n\u00e3o apenas por sua riqueza, mas tamb\u00e9m por sua influ\u00eancia e ocupa\u00e7\u00e3o em um mercado altamente competitivo e inovador.<\/p>\n<figure class=\"wp-block-image size-full\"><picture decoding=\"async\" class=\"wp-image-162600\"><source type=\"image\/webp\" srcset=\"https:\/\/terrabrasilnoticias.com\/wp-content\/uploads\/2024\/07\/image-860.png.webp 675w, https:\/\/terrabrasilnoticias.com\/wp-content\/uploads\/2024\/07\/image-860-300x200.png.webp 300w\" sizes=\"(max-width: 675px) 100vw, 675px\"\/><\/picture>\n<\/figure>\n<h2 class=\"wp-block-heading\">10 homens mais ricos do Brasil em 2024<\/h2>\n<figure class=\"wp-block-image size-full\"><picture decoding=\"async\" class=\"wp-image-162602\"><source type=\"image\/webp\" srcset=\"https:\/\/terrabrasilnoticias.com\/wp-content\/uploads\/2024\/07\/image-862.png.webp 1024w, https:\/\/terrabrasilnoticias.com\/wp-content\/uploads\/2024\/07\/image-862-300x169.png.webp 300w, https:\/\/terrabrasilnoticias.com\/wp-content\/uploads\/2024\/07\/image-862-768x432.png.webp 768w, https:\/\/terrabrasilnoticias.com\/wp-content\/uploads\/2024\/07\/image-862-750x422.png.webp 750w\" sizes=\"(max-width: 1024px) 100vw, 1024px\"\/><img fetchpriority=\"high\" decoding=\"async\" width=\"1024\" height=\"576\" src=\"https:\/\/terrabrasilnoticias.com\/wp-content\/uploads\/2024\/07\/image-862.png\" alt=\"\" srcset=\"https:\/\/terrabrasilnoticias.com\/wp-content\/uploads\/2024\/07\/image-862.png 1024w, https:\/\/terrabrasilnoticias.com\/wp-content\/uploads\/2024\/07\/image-862-300x169.png 300w, https:\/\/terrabrasilnoticias.com\/wp-content\/uploads\/2024\/07\/image-862-768x432.png 768w, https:\/\/terrabrasilnoticias.com\/wp-content\/uploads\/2024\/07\/image-862-750x422.png 750w\" sizes=\"(max-width: 1024px) 100vw, 1024px\"\/>\n<\/picture>\n<\/figure>\n<p>A lista de bilion\u00e1rios brasileiros inclui nomes de diversos setores, desde alimentos e bebidas at\u00e9 servi\u00e7os financeiros e cosm\u00e9ticos. A seguir, veja quem s\u00e3o os 10 homens mais ricos do Brasil, segundo a lista de bilion\u00e1rios em tempo real da Forbes:<\/p>\n<ol class=\"wp-block-list\">\n<li><strong>Eduardo Saverin<\/strong> \u2013 Patrim\u00f4nio l\u00edquido: 25,6 bilh\u00f5es de d\u00f3lares (R$ 144,5 bilh\u00f5es)<\/li>\n<li><strong>Jorge Paulo Lemann e fam\u00edlia<\/strong> \u2013 Patrim\u00f4nio l\u00edquido: 16 bilh\u00f5es de d\u00f3lares (R$ 90,3 bilh\u00f5es)<\/li>\n<li><strong>Marcel Herrmann Telles e fam\u00edlia<\/strong> \u2013 Patrim\u00f4nio l\u00edquido: 10,6 bilh\u00f5es de d\u00f3lares (R$ 59,8 bilh\u00f5es)<\/li>\n<li><strong>Carlos Alberto Sicupira e fam\u00edlia<\/strong> \u2013 Patrim\u00f4nio l\u00edquido: 8,5 bilh\u00f5es de d\u00f3lares (R$ 47,9 bilh\u00f5es)<\/li>\n<li><strong>Fernando Roberto Moreira Salles<\/strong> \u2013 Patrim\u00f4nio l\u00edquido: 6,7 bilh\u00f5es de d\u00f3lares (R$ 37,8 bilh\u00f5es)<\/li>\n<li>P<strong>edro Moreira Salles<\/strong> \u2013 Patrim\u00f4nio l\u00edquido: 6,2 bilh\u00f5es de d\u00f3lares (R$ 35 bilh\u00f5es)<\/li>\n<li><strong>Andr\u00e9 Esteves<\/strong> \u2013 Patrim\u00f4nio l\u00edquido: 5,3 bilh\u00f5es de d\u00f3lares (R$ 29,9 bilh\u00f5es)<\/li>\n<li><strong>Miguel Krigsner<\/strong> \u2013 Patrim\u00f4nio l\u00edquido: 5 bilh\u00f5es de d\u00f3lares (R$ 28,2 bilh\u00f5es)<\/li>\n<li><strong>Jo\u00e3o Moreira Salles<\/strong> \u2013 Patrim\u00f4nio l\u00edquido: 4,6 bilh\u00f5es de d\u00f3lares (R$ 25,9 bilh\u00f5es)<\/li>\n<li><strong>Walther Moreira Salles Junior<\/strong> \u2013 Patrim\u00f4nio l\u00edquido: 4,6 bilh\u00f5es de d\u00f3lares (R$ 25,9 bilh\u00f5es)<\/li>\n<\/ol>\n<figure class=\"wp-block-image size-large\"><picture loading=\"lazy\" decoding=\"async\" class=\"wp-image-162601\"><source type=\"image\/webp\" srcset=\"https:\/\/terrabrasilnoticias.com\/wp-content\/uploads\/2024\/07\/image-861-1024x619.png.webp 1024w, https:\/\/terrabrasilnoticias.com\/wp-content\/uploads\/2024\/07\/image-861-300x181.png.webp 300w, https:\/\/terrabrasilnoticias.com\/wp-content\/uploads\/2024\/07\/image-861-768x464.png.webp 768w, https:\/\/terrabrasilnoticias.com\/wp-content\/uploads\/2024\/07\/image-861-750x453.png.webp 750w, https:\/\/terrabrasilnoticias.com\/wp-content\/uploads\/2024\/07\/image-861.png.webp 1382w\" sizes=\"(max-width: 1024px) 100vw, 1024px\"\/><img loading=\"lazy\" decoding=\"async\" width=\"1024\" height=\"619\" src=\"https:\/\/terrabrasilnoticias.com\/wp-content\/uploads\/2024\/07\/image-861-1024x619.png\" alt=\"\" srcset=\"https:\/\/terrabrasilnoticias.com\/wp-content\/uploads\/2024\/07\/image-861-1024x619.png 1024w, https:\/\/terrabrasilnoticias.com\/wp-content\/uploads\/2024\/07\/image-861-300x181.png 300w, https:\/\/terrabrasilnoticias.com\/wp-content\/uploads\/2024\/07\/image-861-768x464.png 768w, https:\/\/terrabrasilnoticias.com\/wp-content\/uploads\/2024\/07\/image-861-750x453.png 750w, https:\/\/terrabrasilnoticias.com\/wp-content\/uploads\/2024\/07\/image-861-1140x689.png 1140w, https:\/\/terrabrasilnoticias.com\/wp-content\/uploads\/2024\/07\/image-861.png 1382w\" sizes=\"auto, (max-width: 1024px) 100vw, 1024px\"\/>\n<\/picture>\n<\/figure>\n<p>\u00a0Os irm\u00e3os Fernando (em p\u00e9, \u00e0 esquerda), Jo\u00e3o (em p\u00e9, \u00e0 direita), Walter (sentado, \u00e0 esquerda) e Pedro (sentado, \u00e0 direita) (Foto: Ita\u00fa Unibanco\/Reprodu\u00e7\u00e3o).<\/p>\n<h2 class=\"wp-block-heading\">Como a fortuna de Eduardo Saverin cresceu t\u00e3o r\u00e1pido?<\/h2>\n<p>A valoriza\u00e7\u00e3o das a\u00e7\u00f5es da Meta foi um dos principais fatores para o aumento substancial da fortuna de Eduardo Saverin. Em 2023, as a\u00e7\u00f5es da empresa valorizaram cerca de 300%, refletindo o sucesso e a expans\u00e3o cont\u00ednua das plataformas sob seu comando.<\/p>\n<p>Al\u00e9m disso, Saverin diversificou seus investimentos em startups e empresas emergentes, assegurando m\u00faltiplos fluxos de renda. Sua vis\u00e3o estrat\u00e9gica e habilidade em identificar oportunidades de crescimento t\u00eam sido cruciais para o seu sucesso financeiro.<\/p>\n<h2 class=\"wp-block-heading\">Impacto de Saverin no cen\u00e1rio tecnol\u00f3gico<\/h2>\n<p>Eduardo Saverin \u00e9 um dos nomes mais relevantes no cen\u00e1rio tecnol\u00f3gico global. Sua contribui\u00e7\u00e3o para a funda\u00e7\u00e3o e crescimento do Facebook \u00e9 ineg\u00e1vel. Mais do que apenas um investidor, Saverin \u00e9 visto como um vision\u00e1rio que ajudou a moldar a maneira como nos conectamos e interagimos online.<\/p>\n<p>Seu impacto se estende para al\u00e9m do Facebook, com investimentos em diversas outras empresas de tecnologia e inova\u00e7\u00e3o. A influ\u00eancia de Saverin no setor \u00e9 um reflexo de seu compromisso em transformar ideias inovadoras em realidades palp\u00e1veis que mudam vidas.<\/p>\n<\/p><\/div>\n<p><br \/>\n<br \/><a href=\"https:\/\/terrabrasilnoticias.com\/2024\/07\/quem-sao-os-10-homens-mais-ricos-do-brasil-em-2024-segundo-a-forbes-veja-lista\/\">Source link <\/a><\/p>","protected":false},"excerpt":{"rendered":"<p>Foto: Reprodu\u00e7\u00e3o. O empres\u00e1rio Eduardo Saverin \u00e9 atualmente o homem mais rico do Brasil. Com um patrim\u00f4nio avaliado em 25,6 bilh\u00f5es de d\u00f3lares (equivalente a R$ 144,5 bilh\u00f5es), segundo a&hellip;<\/p>","protected":false},"author":1,"featured_media":9998,"comment_status":"closed","ping_status":"open","sticky":false,"template":"","format":"standard","meta":{"content-type":"","footnotes":""},"categories":[16],"tags":[],"class_list":["post-9997","post","type-post","status-publish","format-standard","has-post-thumbnail","hentry","category-noticias"],"_links":{"self":[{"href":"https:\/\/tvbrazilusa.com\/pt\/wp-json\/wp\/v2\/posts\/9997","targetHints":{"allow":["GET"]}}],"collection":[{"href":"https:\/\/tvbrazilusa.com\/pt\/wp-json\/wp\/v2\/posts"}],"about":[{"href":"https:\/\/tvbrazilusa.com\/pt\/wp-json\/wp\/v2\/types\/post"}],"author":[{"embeddable":true,"href":"https:\/\/tvbrazilusa.com\/pt\/wp-json\/wp\/v2\/users\/1"}],"replies":[{"embeddable":true,"href":"https:\/\/tvbrazilusa.com\/pt\/wp-json\/wp\/v2\/comments?post=9997"}],"version-history":[{"count":1,"href":"https:\/\/tvbrazilusa.com\/pt\/wp-json\/wp\/v2\/posts\/9997\/revisions"}],"predecessor-version":[{"id":9999,"href":"https:\/\/tvbrazilusa.com\/pt\/wp-json\/wp\/v2\/posts\/9997\/revisions\/9999"}],"wp:featuredmedia":[{"embeddable":true,"href":"https:\/\/tvbrazilusa.com\/pt\/wp-json\/wp\/v2\/media\/9998"}],"wp:attachment":[{"href":"https:\/\/tvbrazilusa.com\/pt\/wp-json\/wp\/v2\/media?parent=9997"}],"wp:term":[{"taxonomy":"category","embeddable":true,"href":"https:\/\/tvbrazilusa.com\/pt\/wp-json\/wp\/v2\/categories?post=9997"},{"taxonomy":"post_tag","embeddable":true,"href":"https:\/\/tvbrazilusa.com\/pt\/wp-json\/wp\/v2\/tags?post=9997"}],"curies":[{"name":"wp","href":"https:\/\/api.w.org\/{rel}","templated":true}]}}