{"id":99974,"date":"2025-02-06T20:33:14","date_gmt":"2025-02-06T20:33:14","guid":{"rendered":"https:\/\/tvbrazilusa.com\/2025\/02\/06\/funcionarios-da-usaid-ao-redor-do-mundo-sao-colocados-em-licenca-e-ordenados-a-retornar-aos-eua\/"},"modified":"2025-02-06T20:33:18","modified_gmt":"2025-02-06T20:33:18","slug":"funcionarios-da-usaid-ao-redor-do-mundo-sao-colocados-em-licenca-e-ordenados-a-retornar-aos-eua","status":"publish","type":"post","link":"https:\/\/tvbrazilusa.com\/pt\/2025\/02\/06\/funcionarios-da-usaid-ao-redor-do-mundo-sao-colocados-em-licenca-e-ordenados-a-retornar-aos-eua\/","title":{"rendered":"Funcion\u00e1rios da USAid ao redor do mundo s\u00e3o colocados em licen\u00e7a e ordenados a retornar aos EUA"},"content":{"rendered":"<p> <script async src=\"https:\/\/pagead2.googlesyndication.com\/pagead\/js\/adsbygoogle.js?client=ca-pub-8864793242727901\"\r\n     crossorigin=\"anonymous\"><\/script><br \/>\n<\/p>\n<div id=\"taboola-read-more\" style=\"display:block; width:100%\">\n<p>Quase toda a for\u00e7a de trabalho global da principal ag\u00eancia de ajuda dos Estados Unidos, a USAid, ser\u00e1 colocada em licen\u00e7a administrativa remunerada na sexta-feira, e os alocados no exterior dever\u00e3o retornar ao pa\u00eds em at\u00e9 30 dias, de acordo com uma diretriz publicada pela ag\u00eancia na noite de ter\u00e7a-feira. Segundo o comunicado, apenas um pequeno grupo de funcion\u00e1rios respons\u00e1veis por \u201cfun\u00e7\u00f5es essenciais para a miss\u00e3o, lideran\u00e7a central e programas especialmente designados\u201d estaria isento.\n<\/p>\n<p>O aviso acrescentou que a ag\u00eancia \u201corganizar\u00e1 e pagar\u00e1 pelo retorno\u201d, e que terceirizados ser\u00e3o demitidos se n\u00e3o forem considerados essenciais. O pessoal considerado essencial ser\u00e1 informado at\u00e9 a tarde de quinta-feira. A nota foi publicada no site da ag\u00eancia, que estava fora do ar desde o \u00faltimo s\u00e1bado. Ela afirmou que exce\u00e7\u00f5es seriam analisadas caso a caso, incluindo raz\u00f5es de \u201cdificuldades pessoais ou familiares, preocupa\u00e7\u00f5es com mobilidade ou seguran\u00e7a\u201d. Cerca de 10 mil pessoas ao redor do mundo trabalham para a ag\u00eancia.<\/p>\n<p>A Associa\u00e7\u00e3o Americana de Servi\u00e7o Exterior (AFSA, na sigla original em ingl\u00eas) condenou a \u201ca\u00e7\u00e3o desnecess\u00e1ria e dr\u00e1stica\u201d e afirmou que estava \u201cexplorando vias legais\u201d para proteger seus membros. Parlamentares, assessores e alguns funcion\u00e1rios da ag\u00eancia de ajuda afirmam que parece que o governo do presidente americano, Donald Trump, pretende desmantelar a USAid e coloc\u00e1-la sob comando do Departamento de Estado, liderado pelo secret\u00e1rio de Estado Marco Rubio. A oposi\u00e7\u00e3o democrata alega que a medida poderia ser ilegal.\n<\/p>\n<p>O aviso p\u00fablico da noite de ter\u00e7a foi feito horas ap\u00f3s cerca de 1,4 mil funcion\u00e1rios baseados nos EUA serem informados de que estavam sendo colocados em licen\u00e7a administrativa por tempo indeterminado e com efeito imediato, segundo duas fontes familiarizadas com a ordem ouvidas pelo The Times. Cerca de 100 funcion\u00e1rios j\u00e1 haviam sido colocados em licen\u00e7a administrativa, enquanto centenas de contratados foram demitidos por meio de ordens de suspens\u00e3o do trabalho.\n<\/p>\n<p>Efeito rebote:Corte na ajuda externa dos EUA deve aumentar fluxo migrat\u00f3rio para o pa\u00eds e agravar crise global<br \/>\u201cVoc\u00ea permanecer\u00e1 em licen\u00e7a administrativa remunerada at\u00e9 ser notificado\u201d, diz o aviso do administrador interino adjunto da ag\u00eancia, Peter Marocco, em e-mails individuais enviados aos funcion\u00e1rios e obtidos pela CNN. \u201cDurante o per\u00edodo em que estiver de licen\u00e7a, voc\u00ea n\u00e3o deve entrar nas instala\u00e7\u00f5es da USAid, acessar os sistemas da USAid ou tentar usar sua posi\u00e7\u00e3o ou autoridade dentro da USAid de qualquer forma sem a minha permiss\u00e3o pr\u00e9via ou a permiss\u00e3o pr\u00e9via de um supervisor na sua cadeia de comando\u201d.\n<\/p>\n<p>\u2018\u00c9 como se f\u00f4ssemos criminosos\u2019<br \/>O an\u00fancio provocou ondas de ansiedade ao redor do mundo, enquanto os trabalhadores da organiza\u00e7\u00e3o tentavam entender o alcance da ordem. O aviso de Marocco instruiu os funcion\u00e1rios a enviarem um e-mail a um oficial da USAid com suas \u201cinforma\u00e7\u00f5es de contato pessoais, incluindo n\u00famero de telefone, e-mail e endere\u00e7o\u201d para que possam permanecer dispon\u00edveis durante o hor\u00e1rio comercial. Um funcion\u00e1rio da ag\u00eancia disse \u00e0 CNN que enviou o e-mail e recebeu uma resposta autom\u00e1tica informando que essa pessoa tamb\u00e9m estava em licen\u00e7a.\n<\/p>\n<p>\u2014 As pessoas est\u00e3o desesperadas, meus amigos est\u00e3o chorando. N\u00e3o sabemos o que est\u00e1 acontecendo \u2014 disse o funcion\u00e1rio \u00e0 rede americana. \u2014 N\u00e3o temos mais acesso a nenhum sistema do governo, n\u00e3o podemos ver os e-mails. \u00c9 como se f\u00f4ssemos criminosos.\n<\/p>\n<p>Consequ\u00eancias:Medida de Trump paralisa ONGs, empresas e iniciativas que lidam com queimadas e refugiados no Brasil<br \/>Os funcion\u00e1rios ainda come\u00e7aram a tentar planejar o que fazer com suas vidas e as de suas fam\u00edlias. Muitos deles estavam no meio de projetos que foram congelados no final do m\u00eas passado, quando Trump assinou um decreto suspendendo toda a ajuda externa, enquanto outros t\u00eam filhos que est\u00e3o matriculados em escolas que est\u00e3o no meio do ano letivo. O aviso p\u00fablico diz que os gestores podem considerar permitir que fam\u00edlias permane\u00e7am no exterior por mais tempo nesses casos, assim como para casos de gravidez e necessidades m\u00e9dicas.\n<\/p>\n<p>Menos de 1% do or\u00e7amento federal<br \/>O governo americano h\u00e1 muito n\u00e3o realizava uma opera\u00e7\u00e3o t\u00e3o grande para trazer milhares de funcion\u00e1rios e seus familiares de volta ao pa\u00eds, e o custo da medida pode ser enorme. Alguns dos trabalhadores da USAid precisar\u00e3o ser retirados de pa\u00edses em guerra ou conflito, o que deve exigir voos de evacua\u00e7\u00e3o militar. Al\u00e9m disso, muitos funcion\u00e1rios da ag\u00eancia que normalmente ajudariam a organizar o transporte e a moradia tempor\u00e1ria nos EUA tamb\u00e9m foram colocados em licen\u00e7a administrativa.\n<\/p>\n<p>O fechamento da sede ocorreu ap\u00f3s representantes do Departamento de Efici\u00eancia Governamental (Doge), liderado pelo bilion\u00e1rio Elon Musk, fazerem mudan\u00e7as abrangentes na infraestrutura tecnol\u00f3gica do pr\u00e9dio e tentarem acessar materiais confidenciais em uma \u00e1rea segura. A a\u00e7\u00e3o levou a um confronto com os dois principais diretores de seguran\u00e7a da ag\u00eancia, que posteriormente foram for\u00e7ados a entrar em licen\u00e7a. Um nomeado pol\u00edtico que havia assumido como chefe de gabinete renunciou.\n<\/p>\n<p>Press\u00e3o interna: Funcion\u00e1rios p\u00fablicos dos EUA temem monitoramento e dizem se sentir \u2018em estado de s\u00edtio\u2019<br \/>Os nomeados pol\u00edticos de Trump e Musk, que foi rotulado como um \u201cfuncion\u00e1rio especial do governo\u201d pela Casa Branca, pretendem cortar a maior parte dos US$ 60 bilh\u00f5es a US$ 70 bilh\u00f5es (R$ 346,6 bilh\u00f5es a Ra 404,4 bilh\u00f5es) nuais de ajuda externa que s\u00e3o alocados por meio de mandatos e legisla\u00e7\u00e3o do Congresso americano. O or\u00e7amento da USAid representa a maior parte do total de verbas para ajuda externa, embora esse valor represente menos de 1% do or\u00e7amento federal anual.\n<\/p>\n<p>Impacto global<br \/>Rubio, que assumiu o controle da USAid como seu administrador interino na segunda-feira, insistiu durante uma entrevista \u00e0 rede conservadora Fox News naquela noite que a tomada da ag\u00eancia \u201cn\u00e3o se trata de acabar com a ajuda externa\u201d. Ele acrescentou que o objetivo era reformar a ag\u00eancia, que funcionou de forma independente por d\u00e9cadas \u2014 mas que agora, segundo ele, apresenta \u201cuma insubordina\u00e7\u00e3o total\u201d. Rubio tamb\u00e9m disse que os funcion\u00e1rios da organiza\u00e7\u00e3o n\u00e3o estavam cooperando com a nova administra\u00e7\u00e3o republicana.\n<\/p>\n<p>\u2014 N\u00e3o tivemos escolha a n\u00e3o ser tomar medidas dr\u00e1sticas para colocar isso sob controle \u2014 alegou.\n<\/p>\n<p>Os democratas no Senado rejeitaram os motivos apresentados por Rubio para assumir a USAid, os quais ele tamb\u00e9m exp\u00f4s em uma carta enviada na segunda-feira aos l\u00edderes republicanos e democratas dos comit\u00eas do Senado e da C\u00e2mara respons\u00e1veis por assuntos estrangeiros. Na carta, Rubio alertou que a revis\u00e3o dos programas da ag\u00eancia poderia levar \u00e0 \u201csuspens\u00e3o ou elimina\u00e7\u00e3o\u201d de programas, projetos, miss\u00f5es, centros, departamentos e escrit\u00f3rios ou at\u00e9 mesmo \u00e0 sua extin\u00e7\u00e3o total.\n<\/p>\n<p>Influ\u00eancia americana em risco:Como a ordem de Trump para congelar ajuda internacional afeta programas ao redor do mundo<br \/>No mesmo dia, por\u00e9m, os democratas se animaram com um novo relat\u00f3rio do Servi\u00e7o de Pesquisa do Congresso que determinou que Trump n\u00e3o tem autoridade para ordenar mudan\u00e7as estruturais na ag\u00eancia sem a aprova\u00e7\u00e3o do Congresso. Em relat\u00f3rio, o \u00f3rg\u00e3o disse que, \u201ccomo o Congresso estabeleceu a USAid como uma institui\u00e7\u00e3o independente dentro do poder executivo, o presidente n\u00e3o tem autoridade para aboli-la\u201d e que \u201cseria necess\u00e1ria a autoriza\u00e7\u00e3o do Congresso para abolir, mover ou consolidar\u201d a ag\u00eancia.\n<\/p>\n<p>A USAid foi criada em 1961, durante o governo do presidente John F. Kennedy (1961-1963), e \u00e9 o bra\u00e7o humanit\u00e1rio do governo americano. A ag\u00eancia distribui bilh\u00f5es de d\u00f3lares anualmente ao redor do mundo para combater a pobreza, tratar doen\u00e7as e responder a fomes e desastres naturais. Agora, por\u00e9m, Musk acusa falsamente a organiza\u00e7\u00e3o de ser um \u201cninho de v\u00edboras marxistas radicalmente de esquerda que odeiam os Estados Unidos\u201d, rotulando a ag\u00eancia como \u201ccriminosa\u201d. O poss\u00edvel encerramento da ag\u00eancia provavelmente causaria um impacto dram\u00e1tico na ajuda humanit\u00e1ria fornecida ao redor do mundo.\n<\/p>\n<p>Fonte: O Globo              <\/p>\n<\/div>\n<p><br \/>\n<br \/><a href=\"https:\/\/diariodobrasilnoticias.com.br\/noticia\/funcionarios-da-usaid-ao-redor-do-mundo-sao-colocados-em-licenca-e-ordenados-a-retornar-aos-eua-67a50263e6dae\">Source link <\/a><\/p>","protected":false},"excerpt":{"rendered":"<p>Quase toda a for\u00e7a de trabalho global da principal ag\u00eancia de ajuda dos Estados Unidos, a USAid, ser\u00e1 colocada em licen\u00e7a administrativa remunerada na sexta-feira, e os alocados no exterior&hellip;<\/p>","protected":false},"author":1,"featured_media":99975,"comment_status":"closed","ping_status":"open","sticky":false,"template":"","format":"standard","meta":{"content-type":"","footnotes":""},"categories":[16],"tags":[123,2448,5313,1267],"class_list":["post-99974","post","type-post","status-publish","format-standard","has-post-thumbnail","hentry","category-noticias","tag-brasil","tag-diario","tag-noticia","tag-noticias"],"_links":{"self":[{"href":"https:\/\/tvbrazilusa.com\/pt\/wp-json\/wp\/v2\/posts\/99974","targetHints":{"allow":["GET"]}}],"collection":[{"href":"https:\/\/tvbrazilusa.com\/pt\/wp-json\/wp\/v2\/posts"}],"about":[{"href":"https:\/\/tvbrazilusa.com\/pt\/wp-json\/wp\/v2\/types\/post"}],"author":[{"embeddable":true,"href":"https:\/\/tvbrazilusa.com\/pt\/wp-json\/wp\/v2\/users\/1"}],"replies":[{"embeddable":true,"href":"https:\/\/tvbrazilusa.com\/pt\/wp-json\/wp\/v2\/comments?post=99974"}],"version-history":[{"count":1,"href":"https:\/\/tvbrazilusa.com\/pt\/wp-json\/wp\/v2\/posts\/99974\/revisions"}],"predecessor-version":[{"id":99976,"href":"https:\/\/tvbrazilusa.com\/pt\/wp-json\/wp\/v2\/posts\/99974\/revisions\/99976"}],"wp:featuredmedia":[{"embeddable":true,"href":"https:\/\/tvbrazilusa.com\/pt\/wp-json\/wp\/v2\/media\/99975"}],"wp:attachment":[{"href":"https:\/\/tvbrazilusa.com\/pt\/wp-json\/wp\/v2\/media?parent=99974"}],"wp:term":[{"taxonomy":"category","embeddable":true,"href":"https:\/\/tvbrazilusa.com\/pt\/wp-json\/wp\/v2\/categories?post=99974"},{"taxonomy":"post_tag","embeddable":true,"href":"https:\/\/tvbrazilusa.com\/pt\/wp-json\/wp\/v2\/tags?post=99974"}],"curies":[{"name":"wp","href":"https:\/\/api.w.org\/{rel}","templated":true}]}}